{"id":1385,"date":"2014-05-04T16:55:56","date_gmt":"2014-05-04T14:55:56","guid":{"rendered":"https:\/\/www.assobayen.net\/Wordpress\/?p=1385"},"modified":"2024-02-19T15:20:26","modified_gmt":"2024-02-19T14:20:26","slug":"bayen-dans-la-peine","status":"publish","type":"post","link":"https:\/\/www.assobayen.net\/Wordpress\/2014\/05\/04\/bayen-dans-la-peine\/","title":{"rendered":"Bayen dans la peine\u2026"},"content":{"rendered":"<p><span style=\"line-height: 1.5em;\">C\u2019est avec une grande tristesse que nous avons appris le d\u00e9c\u00e8s de Jean Pierre Armary.<\/span><\/p>\n<p>Nous l\u2019avions connu dans ses fonctions de Garde Moniteur du Parc National et, tr\u00e8s vite, sa passion pour le Pays Toy, ses montagnes et la nature sauvage en g\u00e9n\u00e9ral nous avait conquis. C\u2019\u00e9tait \u00e0\u00a0 la fin des ann\u00e9es 70. Et puis l\u2019amiti\u00e9 avait fait le reste\u00a0\u2026 \u00a0A ses c\u00f4t\u00e9s, nous avons appris beaucoup\u00a0: les animaux, les fleurs, les sommets et les anecdotes\u00a0 mais aussi, la fragilit\u00e9 d\u2019un environnement que l\u2019on doit pr\u00e9server.<\/p>\n<p>Il demeurera \u00e0 nos c\u00f4t\u00e9s quand, sur les sentiers, nous ferons d\u00e9couvrir \u00e0 notre tour aux jeunes de nos camps l\u2019isard, la marmotte ou le lys martagon. Merci, Jean- Pierre.<\/p>\n<p><span style=\"line-height: 1.5em;\">Jo\u00ebl<\/span><\/p>\n","protected":false},"excerpt":{"rendered":"<p>C\u2019est avec une grande tristesse que nous avons appris le d\u00e9c\u00e8s de Jean Pierre Armary. Nous l\u2019avions connu dans ses fonctions de Garde Moniteur du Parc National et, tr\u00e8s vite, sa passion pour le Pays Toy, ses montagnes et la nature sauvage en g\u00e9n\u00e9ral nous avait conquis. C\u2019\u00e9tait \u00e0\u00a0 la fin des ann\u00e9es 70. Et [&hellip;]<\/p>\n","protected":false},"author":22,"featured_media":0,"comment_status":"closed","ping_status":"open","sticky":false,"template":"","format":"standard","meta":{"footnotes":""},"categories":[1],"tags":[],"class_list":["post-1385","post","type-post","status-publish","format-standard","hentry","category-non-classe"],"_links":{"self":[{"href":"https:\/\/www.assobayen.net\/Wordpress\/wp-json\/wp\/v2\/posts\/1385","targetHints":{"allow":["GET"]}}],"collection":[{"href":"https:\/\/www.assobayen.net\/Wordpress\/wp-json\/wp\/v2\/posts"}],"about":[{"href":"https:\/\/www.assobayen.net\/Wordpress\/wp-json\/wp\/v2\/types\/post"}],"author":[{"embeddable":true,"href":"https:\/\/www.assobayen.net\/Wordpress\/wp-json\/wp\/v2\/users\/22"}],"replies":[{"embeddable":true,"href":"https:\/\/www.assobayen.net\/Wordpress\/wp-json\/wp\/v2\/comments?post=1385"}],"version-history":[{"count":1,"href":"https:\/\/www.assobayen.net\/Wordpress\/wp-json\/wp\/v2\/posts\/1385\/revisions"}],"predecessor-version":[{"id":1386,"href":"https:\/\/www.assobayen.net\/Wordpress\/wp-json\/wp\/v2\/posts\/1385\/revisions\/1386"}],"wp:attachment":[{"href":"https:\/\/www.assobayen.net\/Wordpress\/wp-json\/wp\/v2\/media?parent=1385"}],"wp:term":[{"taxonomy":"category","embeddable":true,"href":"https:\/\/www.assobayen.net\/Wordpress\/wp-json\/wp\/v2\/categories?post=1385"},{"taxonomy":"post_tag","embeddable":true,"href":"https:\/\/www.assobayen.net\/Wordpress\/wp-json\/wp\/v2\/tags?post=1385"}],"curies":[{"name":"wp","href":"https:\/\/api.w.org\/{rel}","templated":true}]}}