{"id":1397,"date":"2014-07-14T20:05:32","date_gmt":"2014-07-14T18:05:32","guid":{"rendered":"https:\/\/www.assobayen.net\/Wordpress\/?p=1397"},"modified":"2024-02-19T15:20:26","modified_gmt":"2024-02-19T14:20:26","slug":"camp-enfant-2014-projet-pedagogique-programme-necessaire","status":"publish","type":"post","link":"https:\/\/www.assobayen.net\/Wordpress\/2014\/07\/14\/camp-enfant-2014-projet-pedagogique-programme-necessaire\/","title":{"rendered":"Camp Enfant 2014 (Projet p\u00e9dagogique, programme, n\u00e9cessaire)"},"content":{"rendered":"<p>Pr\u00e9sentation du camp enfant : <a href=\"http:\/\/www.assobayen.net\/ProjetPedagogique\/Enfant\/Presentation_sejour_enfant_2014.pdf\" target=\"_blank\" rel=\"noopener\">Pr\u00e9sentation<\/a><\/p>\n<p>Retrouvez le projet p\u00e9dagogique du Camp Enfant 2014 dirig\u00e9 par Thierry en cliquant : <a href=\"http:\/\/www.assobayen.net\/ProjetPedagogique\/Projet_Peda_Enfant_2014.pdf\" target=\"_blank\" rel=\"noopener\">Projet P\u00e9dagogique<\/a><\/p>\n<p>Programme du camp enfant 2014 : <a href=\"http:\/\/www.assobayen.net\/ProjetPedagogique\/Enfant\/Programme_camp_enfant_2014.pdf\" target=\"_blank\" rel=\"noopener\">Programme<\/a><\/p>\n<p>N\u00e9cessaire pour les enfants durant le camp : <a href=\"http:\/\/www.assobayen.net\/ProjetPedagogique\/Enfant\/Necessaire_camp_enfant_2014.pdf\" target=\"_blank\" rel=\"noopener\">N\u00e9cessaire<\/a><\/p>\n","protected":false},"excerpt":{"rendered":"<p>Pr\u00e9sentation du camp enfant : Pr\u00e9sentation Retrouvez le projet p\u00e9dagogique du Camp Enfant 2014 dirig\u00e9 par Thierry en cliquant : Projet P\u00e9dagogique Programme du camp enfant 2014 : Programme N\u00e9cessaire pour les enfants durant le camp : N\u00e9cessaire<\/p>\n","protected":false},"author":22,"featured_media":0,"comment_status":"closed","ping_status":"open","sticky":false,"template":"","format":"standard","meta":{"footnotes":""},"categories":[24,1],"tags":[39,8,27],"class_list":["post-1397","post","type-post","status-publish","format-standard","hentry","category-camps","category-non-classe","tag-camps","tag-presentation","tag-projet-pedagogique"],"_links":{"self":[{"href":"https:\/\/www.assobayen.net\/Wordpress\/wp-json\/wp\/v2\/posts\/1397","targetHints":{"allow":["GET"]}}],"collection":[{"href":"https:\/\/www.assobayen.net\/Wordpress\/wp-json\/wp\/v2\/posts"}],"about":[{"href":"https:\/\/www.assobayen.net\/Wordpress\/wp-json\/wp\/v2\/types\/post"}],"author":[{"embeddable":true,"href":"https:\/\/www.assobayen.net\/Wordpress\/wp-json\/wp\/v2\/users\/22"}],"replies":[{"embeddable":true,"href":"https:\/\/www.assobayen.net\/Wordpress\/wp-json\/wp\/v2\/comments?post=1397"}],"version-history":[{"count":9,"href":"https:\/\/www.assobayen.net\/Wordpress\/wp-json\/wp\/v2\/posts\/1397\/revisions"}],"predecessor-version":[{"id":4886,"href":"https:\/\/www.assobayen.net\/Wordpress\/wp-json\/wp\/v2\/posts\/1397\/revisions\/4886"}],"wp:attachment":[{"href":"https:\/\/www.assobayen.net\/Wordpress\/wp-json\/wp\/v2\/media?parent=1397"}],"wp:term":[{"taxonomy":"category","embeddable":true,"href":"https:\/\/www.assobayen.net\/Wordpress\/wp-json\/wp\/v2\/categories?post=1397"},{"taxonomy":"post_tag","embeddable":true,"href":"https:\/\/www.assobayen.net\/Wordpress\/wp-json\/wp\/v2\/tags?post=1397"}],"curies":[{"name":"wp","href":"https:\/\/api.w.org\/{rel}","templated":true}]}}