{"id":1502,"date":"2014-09-24T14:05:34","date_gmt":"2014-09-24T12:05:34","guid":{"rendered":"https:\/\/www.assobayen.net\/Wordpress\/?p=1502"},"modified":"2024-02-19T15:20:25","modified_gmt":"2024-02-19T14:20:25","slug":"bientot-la-journee-apres-camp-2","status":"publish","type":"post","link":"https:\/\/www.assobayen.net\/Wordpress\/2014\/09\/24\/bientot-la-journee-apres-camp-2\/","title":{"rendered":"Bient\u00f4t la journ\u00e9e Apr\u00e8s-Camp"},"content":{"rendered":"<h3 style=\"text-align: center;\"><span style=\"color: #000000;\">Nous vous invitons \u00e0 participer <\/span><\/h3>\n<h3 style=\"text-align: center;\"><span style=\"color: #000000;\">\u00e0 la journ\u00e9e<\/span> <span style=\"color: #ff00ff;\"><strong>Apr\u00e8s-Camp<\/strong><\/span> <span style=\"color: #000000;\">qui aura lieu<\/span><\/h3>\n<h2 style=\"text-align: center;\"><span style=\"color: #ff00ff;\"><strong>Dimanche 12 Octobre 2014<\/strong><\/span><\/h2>\n<h2 style=\"text-align: center;\"><span style=\"color: #000000;\">\u00e0 la salle des f\u00eates de St M\u00e9dard d\u2019Eyrans<\/span><\/h2>\n<h2 style=\"text-align: center;\"><span style=\"color: #ff00ff;\">\u00e0 partir de 12 h<\/span><\/h2>\n<p style=\"text-align: left;\"><span style=\"text-decoration: underline;\"><span style=\"color: #000000; text-decoration: underline;\">Au programme :<\/span><\/span><\/p>\n<p style=\"text-align: left;\">12h : Ap\u00e9ritif suivi du repas tir\u00e9 du sac<\/p>\n<p style=\"text-align: left;\">(chacun am\u00e8ne ses plats, ses boissons, les partage et go\u00fbte ceux des voisins !)<\/p>\n<p style=\"text-align: left;\">15h : Projection des photos des camps de cet \u00e9t\u00e9.<\/p>\n<h4 style=\"text-align: center;\">Avec toute notre amiti\u00e9<br \/>\nLes \u00e9quipes d\u2019animation<\/h4>\n","protected":false},"excerpt":{"rendered":"<p>Nous vous invitons \u00e0 participer \u00e0 la journ\u00e9e Apr\u00e8s-Camp qui aura lieu Dimanche 12 Octobre 2014 \u00e0 la salle des f\u00eates de St M\u00e9dard d\u2019Eyrans \u00e0 partir de 12 h Au programme : 12h : Ap\u00e9ritif suivi du repas tir\u00e9 du sac (chacun am\u00e8ne ses plats, ses boissons, les partage et go\u00fbte ceux des voisins [&hellip;]<\/p>\n","protected":false},"author":22,"featured_media":0,"comment_status":"closed","ping_status":"open","sticky":false,"template":"","format":"standard","meta":{"footnotes":""},"categories":[1],"tags":[],"class_list":["post-1502","post","type-post","status-publish","format-standard","hentry","category-non-classe"],"_links":{"self":[{"href":"https:\/\/www.assobayen.net\/Wordpress\/wp-json\/wp\/v2\/posts\/1502","targetHints":{"allow":["GET"]}}],"collection":[{"href":"https:\/\/www.assobayen.net\/Wordpress\/wp-json\/wp\/v2\/posts"}],"about":[{"href":"https:\/\/www.assobayen.net\/Wordpress\/wp-json\/wp\/v2\/types\/post"}],"author":[{"embeddable":true,"href":"https:\/\/www.assobayen.net\/Wordpress\/wp-json\/wp\/v2\/users\/22"}],"replies":[{"embeddable":true,"href":"https:\/\/www.assobayen.net\/Wordpress\/wp-json\/wp\/v2\/comments?post=1502"}],"version-history":[{"count":2,"href":"https:\/\/www.assobayen.net\/Wordpress\/wp-json\/wp\/v2\/posts\/1502\/revisions"}],"predecessor-version":[{"id":1504,"href":"https:\/\/www.assobayen.net\/Wordpress\/wp-json\/wp\/v2\/posts\/1502\/revisions\/1504"}],"wp:attachment":[{"href":"https:\/\/www.assobayen.net\/Wordpress\/wp-json\/wp\/v2\/media?parent=1502"}],"wp:term":[{"taxonomy":"category","embeddable":true,"href":"https:\/\/www.assobayen.net\/Wordpress\/wp-json\/wp\/v2\/categories?post=1502"},{"taxonomy":"post_tag","embeddable":true,"href":"https:\/\/www.assobayen.net\/Wordpress\/wp-json\/wp\/v2\/tags?post=1502"}],"curies":[{"name":"wp","href":"https:\/\/api.w.org\/{rel}","templated":true}]}}