{"id":1687,"date":"2015-11-09T21:58:04","date_gmt":"2015-11-09T20:58:04","guid":{"rendered":"https:\/\/www.assobayen.net\/Wordpress\/?p=1687"},"modified":"2024-02-19T15:20:14","modified_gmt":"2024-02-19T14:20:14","slug":"bayen-dans-la-peine-2","status":"publish","type":"post","link":"https:\/\/www.assobayen.net\/Wordpress\/2015\/11\/09\/bayen-dans-la-peine-2\/","title":{"rendered":"Bayen dans la peine"},"content":{"rendered":"<h5><span style=\"color: #000000;\">Jean Cauhap\u00e9, notre ami\u00a0 \u00ab\u00a0Jeannot\u00a0\u00bb, nous a quitt\u00e9s en ce d\u00e9but du mois de novembre.<\/span><\/h5>\n<h5><span style=\"color: #000000;\">Comme Werner, Andr\u00e9, Claude, Pascal, Jean-Pierre et bien d\u2019autres, il a \u0153uvr\u00e9 pour que Bayen ait le visage que nous lui connaissons aujourd\u2019hui et pour, tout simplement, que notre association continue d\u2019exister.<\/span><\/h5>\n<h5><span style=\"color: #000000;\">Il a \u00e9t\u00e9 le chef de chantier de la nouvelle cuisine de 1994 \u00e0 son inauguration en 1996, donnant sans compter de son temps et de son \u00e9nergie durant de tr\u00e8s nombreux week-ends.\u00a0\u00ab\u00a0 A 8 heures, je veux entendre chanter la b\u00e9tonni\u00e8re\u00a0!\u00a0\u00bb disait-il.<\/span><\/h5>\n<h5><span style=\"color: #000000;\">Puis, en 2010, il a fait partie de l\u2019\u00e9quipe qui a r\u00e9nov\u00e9 les sanitaires avec toujours le m\u00eame enthousiasme.<\/span><\/h5>\n<h5><span style=\"color: #000000;\">Au nom de tous ceux qui utilisent la grange, merci, Jeannot. Nous ne t\u2019oublierons pas.<\/span><\/h5>\n<h5>Le Conseil d\u2019Administration<\/h5>\n<div id=\"attachment_1694\" style=\"width: 510px\" class=\"wp-caption alignleft\"><a href=\"https:\/\/www.assobayen.net\/Wordpress\/wp-content\/uploads\/lavabos06.jpg\"><img loading=\"lazy\" decoding=\"async\" aria-describedby=\"caption-attachment-1694\" class=\"wp-image-1694\" src=\"https:\/\/www.assobayen.net\/Wordpress\/wp-content\/uploads\/lavabos06-300x168.jpg\" alt=\"Jeannot\" width=\"500\" height=\"280\" srcset=\"https:\/\/www.assobayen.net\/Wordpress\/wp-content\/uploads\/lavabos06-300x168.jpg 300w, https:\/\/www.assobayen.net\/Wordpress\/wp-content\/uploads\/lavabos06-1024x573.jpg 1024w\" sizes=\"auto, (max-width: 500px) 100vw, 500px\" \/><\/a><p id=\"caption-attachment-1694\" class=\"wp-caption-text\">Jeannot<\/p><\/div>\n","protected":false},"excerpt":{"rendered":"<p>Jean Cauhap\u00e9, notre ami\u00a0 \u00ab\u00a0Jeannot\u00a0\u00bb, nous a quitt\u00e9s en ce d\u00e9but du mois de novembre. Comme Werner, Andr\u00e9, Claude, Pascal, Jean-Pierre et bien d\u2019autres, il a \u0153uvr\u00e9 pour que Bayen ait le visage que nous lui connaissons aujourd\u2019hui et pour, tout simplement, que notre association continue d\u2019exister. Il a \u00e9t\u00e9 le chef de chantier de [&hellip;]<\/p>\n","protected":false},"author":22,"featured_media":0,"comment_status":"closed","ping_status":"open","sticky":false,"template":"","format":"standard","meta":{"footnotes":""},"categories":[1],"tags":[],"class_list":["post-1687","post","type-post","status-publish","format-standard","hentry","category-non-classe"],"_links":{"self":[{"href":"https:\/\/www.assobayen.net\/Wordpress\/wp-json\/wp\/v2\/posts\/1687","targetHints":{"allow":["GET"]}}],"collection":[{"href":"https:\/\/www.assobayen.net\/Wordpress\/wp-json\/wp\/v2\/posts"}],"about":[{"href":"https:\/\/www.assobayen.net\/Wordpress\/wp-json\/wp\/v2\/types\/post"}],"author":[{"embeddable":true,"href":"https:\/\/www.assobayen.net\/Wordpress\/wp-json\/wp\/v2\/users\/22"}],"replies":[{"embeddable":true,"href":"https:\/\/www.assobayen.net\/Wordpress\/wp-json\/wp\/v2\/comments?post=1687"}],"version-history":[{"count":8,"href":"https:\/\/www.assobayen.net\/Wordpress\/wp-json\/wp\/v2\/posts\/1687\/revisions"}],"predecessor-version":[{"id":1696,"href":"https:\/\/www.assobayen.net\/Wordpress\/wp-json\/wp\/v2\/posts\/1687\/revisions\/1696"}],"wp:attachment":[{"href":"https:\/\/www.assobayen.net\/Wordpress\/wp-json\/wp\/v2\/media?parent=1687"}],"wp:term":[{"taxonomy":"category","embeddable":true,"href":"https:\/\/www.assobayen.net\/Wordpress\/wp-json\/wp\/v2\/categories?post=1687"},{"taxonomy":"post_tag","embeddable":true,"href":"https:\/\/www.assobayen.net\/Wordpress\/wp-json\/wp\/v2\/tags?post=1687"}],"curies":[{"name":"wp","href":"https:\/\/api.w.org\/{rel}","templated":true}]}}