{"id":1708,"date":"2015-12-06T21:35:57","date_gmt":"2015-12-06T20:35:57","guid":{"rendered":"https:\/\/www.assobayen.net\/Wordpress\/?p=1708"},"modified":"2024-02-19T15:20:14","modified_gmt":"2024-02-19T14:20:14","slug":"naissance-de-naia","status":"publish","type":"post","link":"https:\/\/www.assobayen.net\/Wordpress\/2015\/12\/06\/naissance-de-naia\/","title":{"rendered":"Naissance de Na\u00efa"},"content":{"rendered":"<h3><span style=\"color: #000000;\">La Famille Tastet est heureuse de vous annoncer la naissance de leur fille Na\u00efa n\u00e9e le 3 d\u00e9cembre \u00e0 14h29. Elle p\u00e8se 2 kg 720.<\/span><\/h3>\n<h3><\/h3>\n<h3><span style=\"color: #000000;\">L&rsquo;\u00e9quipe de Bayen en profite pour f\u00e9liciter toute la famille Tastet et leur souhaite tous ses\u00a0veux de bonheur.<\/span><\/h3>\n","protected":false},"excerpt":{"rendered":"<p>La Famille Tastet est heureuse de vous annoncer la naissance de leur fille Na\u00efa n\u00e9e le 3 d\u00e9cembre \u00e0 14h29. Elle p\u00e8se 2 kg 720. L&rsquo;\u00e9quipe de Bayen en profite pour f\u00e9liciter toute la famille Tastet et leur souhaite tous ses\u00a0veux de bonheur.<\/p>\n","protected":false},"author":22,"featured_media":0,"comment_status":"closed","ping_status":"open","sticky":false,"template":"","format":"standard","meta":{"footnotes":""},"categories":[1],"tags":[],"class_list":["post-1708","post","type-post","status-publish","format-standard","hentry","category-non-classe"],"_links":{"self":[{"href":"https:\/\/www.assobayen.net\/Wordpress\/wp-json\/wp\/v2\/posts\/1708","targetHints":{"allow":["GET"]}}],"collection":[{"href":"https:\/\/www.assobayen.net\/Wordpress\/wp-json\/wp\/v2\/posts"}],"about":[{"href":"https:\/\/www.assobayen.net\/Wordpress\/wp-json\/wp\/v2\/types\/post"}],"author":[{"embeddable":true,"href":"https:\/\/www.assobayen.net\/Wordpress\/wp-json\/wp\/v2\/users\/22"}],"replies":[{"embeddable":true,"href":"https:\/\/www.assobayen.net\/Wordpress\/wp-json\/wp\/v2\/comments?post=1708"}],"version-history":[{"count":9,"href":"https:\/\/www.assobayen.net\/Wordpress\/wp-json\/wp\/v2\/posts\/1708\/revisions"}],"predecessor-version":[{"id":2157,"href":"https:\/\/www.assobayen.net\/Wordpress\/wp-json\/wp\/v2\/posts\/1708\/revisions\/2157"}],"wp:attachment":[{"href":"https:\/\/www.assobayen.net\/Wordpress\/wp-json\/wp\/v2\/media?parent=1708"}],"wp:term":[{"taxonomy":"category","embeddable":true,"href":"https:\/\/www.assobayen.net\/Wordpress\/wp-json\/wp\/v2\/categories?post=1708"},{"taxonomy":"post_tag","embeddable":true,"href":"https:\/\/www.assobayen.net\/Wordpress\/wp-json\/wp\/v2\/tags?post=1708"}],"curies":[{"name":"wp","href":"https:\/\/api.w.org\/{rel}","templated":true}]}}