{"id":2027,"date":"2017-07-14T17:14:30","date_gmt":"2017-07-14T15:14:30","guid":{"rendered":"https:\/\/www.assobayen.net\/Wordpress\/?p=2027"},"modified":"2024-02-19T15:20:03","modified_gmt":"2024-02-19T14:20:03","slug":"projet-pedagogique-camp-pre-ados-2017","status":"publish","type":"post","link":"https:\/\/www.assobayen.net\/Wordpress\/2017\/07\/14\/projet-pedagogique-camp-pre-ados-2017\/","title":{"rendered":"Projet p\u00e9dagogique Camp Pr\u00e9-Ados 2017"},"content":{"rendered":"<p>Bonjour \u00e0 tous,<\/p>\n<p>Voici disponible le projet p\u00e9dagogique pour le camp Pr\u00e9-ados : &nbsp;<a href=\"https:\/\/www.assobayen.net\/Wordpress\/wp-content\/uploads\/Projet-pedagogique-pr\u00e9-ados-2017.pdf\" target=\"_blank\" rel=\"attachment wp-att-2028 noopener noreferrer\">Projet-pedagogique-pr\u00e9-ados-2017<\/a><\/p>\n<p>Bon camp \u00e0 tous.<\/p>\n","protected":false},"excerpt":{"rendered":"<p>Bonjour \u00e0 tous, Voici disponible le projet p\u00e9dagogique pour le camp Pr\u00e9-ados : &nbsp;Projet-pedagogique-pr\u00e9-ados-2017 Bon camp \u00e0 tous.<\/p>\n","protected":false},"author":22,"featured_media":0,"comment_status":"closed","ping_status":"open","sticky":false,"template":"","format":"standard","meta":{"footnotes":""},"categories":[1],"tags":[],"class_list":["post-2027","post","type-post","status-publish","format-standard","hentry","category-non-classe"],"_links":{"self":[{"href":"https:\/\/www.assobayen.net\/Wordpress\/wp-json\/wp\/v2\/posts\/2027","targetHints":{"allow":["GET"]}}],"collection":[{"href":"https:\/\/www.assobayen.net\/Wordpress\/wp-json\/wp\/v2\/posts"}],"about":[{"href":"https:\/\/www.assobayen.net\/Wordpress\/wp-json\/wp\/v2\/types\/post"}],"author":[{"embeddable":true,"href":"https:\/\/www.assobayen.net\/Wordpress\/wp-json\/wp\/v2\/users\/22"}],"replies":[{"embeddable":true,"href":"https:\/\/www.assobayen.net\/Wordpress\/wp-json\/wp\/v2\/comments?post=2027"}],"version-history":[{"count":4,"href":"https:\/\/www.assobayen.net\/Wordpress\/wp-json\/wp\/v2\/posts\/2027\/revisions"}],"predecessor-version":[{"id":2563,"href":"https:\/\/www.assobayen.net\/Wordpress\/wp-json\/wp\/v2\/posts\/2027\/revisions\/2563"}],"wp:attachment":[{"href":"https:\/\/www.assobayen.net\/Wordpress\/wp-json\/wp\/v2\/media?parent=2027"}],"wp:term":[{"taxonomy":"category","embeddable":true,"href":"https:\/\/www.assobayen.net\/Wordpress\/wp-json\/wp\/v2\/categories?post=2027"},{"taxonomy":"post_tag","embeddable":true,"href":"https:\/\/www.assobayen.net\/Wordpress\/wp-json\/wp\/v2\/tags?post=2027"}],"curies":[{"name":"wp","href":"https:\/\/api.w.org\/{rel}","templated":true}]}}