{"id":2513,"date":"2019-02-03T15:28:17","date_gmt":"2019-02-03T14:28:17","guid":{"rendered":"https:\/\/www.assobayen.net\/Wordpress\/?p=2513"},"modified":"2024-02-19T15:20:01","modified_gmt":"2024-02-19T14:20:01","slug":"dates-camps-ete-2019","status":"publish","type":"post","link":"https:\/\/www.assobayen.net\/Wordpress\/2019\/02\/03\/dates-camps-ete-2019\/","title":{"rendered":"Dates camps \u00e9t\u00e9 2019"},"content":{"rendered":"\n<p><strong>Les camps de cet \u00e9t\u00e9<\/strong>\u00a0<strong>2019<\/strong> :<br \/><br \/>Camp Enfants\u00a0: du 15 au 22 juillet 2019<br \/>\u00a0 \u00a0 \u00a0Directeur\u00a0: Thierry Duclos<br \/><br \/>Camp Pr\u00e9ados\u00a0: du 22 juillet au 1 ao\u00fbt 2019\u00a0<br \/>\u00a0\u00a0\u00a0\u00a0\u00a0\u00a0\u00a0\u00a0\u00a0\u00a0\u00a0\u00a0Directeur\u00a0: Eloi Tastet\u00a0<br \/><br \/>Camp Ados\u00a0: du 2 au 16 ao\u00fbt 2019<br \/>\u00a0\u00a0\u00a0\u00a0\u00a0\u00a0\u00a0\u00a0\u00a0\u00a0\u00a0\u00a0Directeur\u00a0: Beno\u00eet Puel<br \/><br \/><em>Les dossiers d&rsquo;inscription seront en ligne \u00e0 partir du 15 f\u00e9vrier\u00a0<\/em><br \/><br \/> <\/p>\n","protected":false},"excerpt":{"rendered":"<p>Les camps de cet \u00e9t\u00e9\u00a02019 : Camp Enfants\u00a0: du 15 au 22 juillet 2019\u00a0 \u00a0 \u00a0Directeur\u00a0: Thierry Duclos Camp Pr\u00e9ados\u00a0: du 22 juillet au 1 ao\u00fbt 2019\u00a0\u00a0\u00a0\u00a0\u00a0\u00a0\u00a0\u00a0\u00a0\u00a0\u00a0\u00a0\u00a0Directeur\u00a0: Eloi Tastet\u00a0 Camp Ados\u00a0: du 2 au 16 ao\u00fbt 2019\u00a0\u00a0\u00a0\u00a0\u00a0\u00a0\u00a0\u00a0\u00a0\u00a0\u00a0\u00a0Directeur\u00a0: Beno\u00eet Puel Les dossiers d&rsquo;inscription seront en ligne \u00e0 partir du 15 f\u00e9vrier\u00a0<\/p>\n","protected":false},"author":22,"featured_media":0,"comment_status":"closed","ping_status":"open","sticky":false,"template":"","format":"standard","meta":{"footnotes":""},"categories":[1],"tags":[],"class_list":["post-2513","post","type-post","status-publish","format-standard","hentry","category-non-classe"],"_links":{"self":[{"href":"https:\/\/www.assobayen.net\/Wordpress\/wp-json\/wp\/v2\/posts\/2513","targetHints":{"allow":["GET"]}}],"collection":[{"href":"https:\/\/www.assobayen.net\/Wordpress\/wp-json\/wp\/v2\/posts"}],"about":[{"href":"https:\/\/www.assobayen.net\/Wordpress\/wp-json\/wp\/v2\/types\/post"}],"author":[{"embeddable":true,"href":"https:\/\/www.assobayen.net\/Wordpress\/wp-json\/wp\/v2\/users\/22"}],"replies":[{"embeddable":true,"href":"https:\/\/www.assobayen.net\/Wordpress\/wp-json\/wp\/v2\/comments?post=2513"}],"version-history":[{"count":6,"href":"https:\/\/www.assobayen.net\/Wordpress\/wp-json\/wp\/v2\/posts\/2513\/revisions"}],"predecessor-version":[{"id":2525,"href":"https:\/\/www.assobayen.net\/Wordpress\/wp-json\/wp\/v2\/posts\/2513\/revisions\/2525"}],"wp:attachment":[{"href":"https:\/\/www.assobayen.net\/Wordpress\/wp-json\/wp\/v2\/media?parent=2513"}],"wp:term":[{"taxonomy":"category","embeddable":true,"href":"https:\/\/www.assobayen.net\/Wordpress\/wp-json\/wp\/v2\/categories?post=2513"},{"taxonomy":"post_tag","embeddable":true,"href":"https:\/\/www.assobayen.net\/Wordpress\/wp-json\/wp\/v2\/tags?post=2513"}],"curies":[{"name":"wp","href":"https:\/\/api.w.org\/{rel}","templated":true}]}}