{"id":2581,"date":"2019-06-03T21:55:04","date_gmt":"2019-06-03T19:55:04","guid":{"rendered":"https:\/\/www.assobayen.net\/Wordpress\/?p=2581"},"modified":"2024-02-19T15:20:01","modified_gmt":"2024-02-19T14:20:01","slug":"projet-pedagogique-camp-pre-ados-2019","status":"publish","type":"post","link":"https:\/\/www.assobayen.net\/Wordpress\/2019\/06\/03\/projet-pedagogique-camp-pre-ados-2019\/","title":{"rendered":"Projets p\u00e9dagogiques des Camps 2019"},"content":{"rendered":"\n<p>Bonjour \u00e0 tous,<br \/><\/p>\n\n\n\n<p>Voici disponible les projets p\u00e9dagogiques des camps 2019 : &nbsp;<\/p>\n\n\n\n<div class=\"wp-block-file aligncenter\"><a href=\"https:\/\/www.assobayen.net\/Wordpress\/wp-content\/uploads\/Projet-pedagogique-enfants-2019.pdf\"> Projet p\u00e9dagogique Enfants 2019<br \/> du 15 juillet au 22 juillet  <\/a><a href=\"https:\/\/www.assobayen.net\/Wordpress\/wp-content\/uploads\/Projet-pedagogique-enfants-2019.pdf\" class=\"wp-block-file__button\" download>T\u00e9l\u00e9charger<\/a><\/div>\n\n\n\n<div class=\"wp-block-file aligncenter\"><a href=\"https:\/\/www.assobayen.net\/Wordpress\/wp-content\/uploads\/Projet-pedagogique-pre-ados-2019.pdf\" target=\"_blank\" rel=\"noreferrer noopener\">Projet p\u00e9dagogique Pr\u00e9-ados 2019 <br \/>du 22 juillet au 1er Aout<\/a><a href=\"https:\/\/www.assobayen.net\/Wordpress\/wp-content\/uploads\/Projet-pedagogique-pre-ados-2019.pdf\" class=\"wp-block-file__button\" download>T\u00e9l\u00e9charger<\/a><\/div>\n\n\n\n<div class=\"wp-block-file aligncenter\"><a href=\"https:\/\/www.assobayen.net\/Wordpress\/wp-content\/uploads\/Projet_pedagogique_ados_2019.pdf\" target=\"_blank\" rel=\"noreferrer noopener\">Projet p\u00e9dagogique Ados 2019<br \/>du 2 au 16 Aout<\/a><a href=\"https:\/\/www.assobayen.net\/Wordpress\/wp-content\/uploads\/Projet_pedagogique_ados_2019.pdf\" class=\"wp-block-file__button\" download>T\u00e9l\u00e9charger<\/a><\/div>\n\n\n\n<p>Bon camp \u00e0 tous.<\/p>\n","protected":false},"excerpt":{"rendered":"<p>Bonjour \u00e0 tous, Voici disponible les projets p\u00e9dagogiques des camps 2019 : &nbsp; Bon camp \u00e0 tous.<\/p>\n","protected":false},"author":22,"featured_media":0,"comment_status":"closed","ping_status":"open","sticky":false,"template":"","format":"standard","meta":{"footnotes":""},"categories":[24],"tags":[],"class_list":["post-2581","post","type-post","status-publish","format-standard","hentry","category-camps"],"_links":{"self":[{"href":"https:\/\/www.assobayen.net\/Wordpress\/wp-json\/wp\/v2\/posts\/2581","targetHints":{"allow":["GET"]}}],"collection":[{"href":"https:\/\/www.assobayen.net\/Wordpress\/wp-json\/wp\/v2\/posts"}],"about":[{"href":"https:\/\/www.assobayen.net\/Wordpress\/wp-json\/wp\/v2\/types\/post"}],"author":[{"embeddable":true,"href":"https:\/\/www.assobayen.net\/Wordpress\/wp-json\/wp\/v2\/users\/22"}],"replies":[{"embeddable":true,"href":"https:\/\/www.assobayen.net\/Wordpress\/wp-json\/wp\/v2\/comments?post=2581"}],"version-history":[{"count":8,"href":"https:\/\/www.assobayen.net\/Wordpress\/wp-json\/wp\/v2\/posts\/2581\/revisions"}],"predecessor-version":[{"id":2743,"href":"https:\/\/www.assobayen.net\/Wordpress\/wp-json\/wp\/v2\/posts\/2581\/revisions\/2743"}],"wp:attachment":[{"href":"https:\/\/www.assobayen.net\/Wordpress\/wp-json\/wp\/v2\/media?parent=2581"}],"wp:term":[{"taxonomy":"category","embeddable":true,"href":"https:\/\/www.assobayen.net\/Wordpress\/wp-json\/wp\/v2\/categories?post=2581"},{"taxonomy":"post_tag","embeddable":true,"href":"https:\/\/www.assobayen.net\/Wordpress\/wp-json\/wp\/v2\/tags?post=2581"}],"curies":[{"name":"wp","href":"https:\/\/api.w.org\/{rel}","templated":true}]}}