{"id":4229,"date":"2022-11-23T19:13:59","date_gmt":"2022-11-23T18:13:59","guid":{"rendered":"https:\/\/www.assobayen.net\/Wordpress\/?p=4229"},"modified":"2024-02-19T15:16:11","modified_gmt":"2024-02-19T14:16:11","slug":"lanniversaire-de-bayen-en-pays-toy","status":"publish","type":"post","link":"https:\/\/www.assobayen.net\/Wordpress\/2022\/11\/23\/lanniversaire-de-bayen-en-pays-toy\/","title":{"rendered":"<strong>L\u2019anniversaire de Bayen en Pays Toy<\/strong>"},"content":{"rendered":"\n<p>Samedi 12 novembre marquait la fin des festivit\u00e9s des cinquante ans de Bayen.<\/p>\n\n\n\n<p>Ce jour- l\u00e0, nous avions invit\u00e9 les diff\u00e9rents partenaires (Municipalit\u00e9 de Sazos, voisins, guides, commer\u00e7ants, repr\u00e9sentants des diff\u00e9rents services&nbsp; qui contribuent, depuis le d\u00e9but de notre association, \u00e0 la r\u00e9ussite de nos camps) \u00e0 partager un moment de convivialit\u00e9 dans notre grange de Sazos. Bon nombre d\u2019entre eux, au fil des ann\u00e9es, sont devenus de v\u00e9ritables amis. C\u2019est, sans doute pour cela, que la rencontre fut simple et chaleureuse, aux dires de tous les participants. Merci \u00e0 tous les acteurs de cette manifestation.<\/p>\n\n\n\n<p>Et maintenant, au travail\u00a0! Pr\u00e9parons maintenant 2023 qui ne saurait tarder.<\/p>\n\n\n\n<figure class=\"wp-block-image size-large\"><a href=\"https:\/\/www.assobayen.net\/Wordpress\/wp-content\/uploads\/DSC_0348.jpg\"><img loading=\"lazy\" decoding=\"async\" width=\"1024\" height=\"680\" src=\"https:\/\/www.assobayen.net\/Wordpress\/wp-content\/uploads\/DSC_0348-1024x680.jpg\" alt=\"\" class=\"wp-image-4232\" srcset=\"https:\/\/www.assobayen.net\/Wordpress\/wp-content\/uploads\/DSC_0348-1024x680.jpg 1024w, https:\/\/www.assobayen.net\/Wordpress\/wp-content\/uploads\/DSC_0348-300x199.jpg 300w, https:\/\/www.assobayen.net\/Wordpress\/wp-content\/uploads\/DSC_0348-768x510.jpg 768w, https:\/\/www.assobayen.net\/Wordpress\/wp-content\/uploads\/DSC_0348-900x598.jpg 900w, https:\/\/www.assobayen.net\/Wordpress\/wp-content\/uploads\/DSC_0348.jpg 1280w\" sizes=\"auto, (max-width: 1024px) 100vw, 1024px\" \/><\/a><figcaption class=\"wp-element-caption\">M. Guilhamat, Maire de Sazos en 1972 et M. Castagn\u00e9, Maire actuel avec J. Brun, pr\u00e9sident de Bayen.<\/figcaption><\/figure>\n","protected":false},"excerpt":{"rendered":"<p>Samedi 12 novembre marquait la fin des festivit\u00e9s des cinquante ans de Bayen. Ce jour- l\u00e0, nous avions invit\u00e9 les diff\u00e9rents partenaires (Municipalit\u00e9 de Sazos, voisins, guides, commer\u00e7ants, repr\u00e9sentants des diff\u00e9rents services&nbsp; qui contribuent, depuis le d\u00e9but de notre association, \u00e0 la r\u00e9ussite de nos camps) \u00e0 partager un moment de convivialit\u00e9 dans notre grange [&hellip;]<\/p>\n","protected":false},"author":22,"featured_media":0,"comment_status":"closed","ping_status":"open","sticky":false,"template":"","format":"standard","meta":{"footnotes":""},"categories":[3],"tags":[],"class_list":["post-4229","post","type-post","status-publish","format-standard","hentry","category-news"],"_links":{"self":[{"href":"https:\/\/www.assobayen.net\/Wordpress\/wp-json\/wp\/v2\/posts\/4229","targetHints":{"allow":["GET"]}}],"collection":[{"href":"https:\/\/www.assobayen.net\/Wordpress\/wp-json\/wp\/v2\/posts"}],"about":[{"href":"https:\/\/www.assobayen.net\/Wordpress\/wp-json\/wp\/v2\/types\/post"}],"author":[{"embeddable":true,"href":"https:\/\/www.assobayen.net\/Wordpress\/wp-json\/wp\/v2\/users\/22"}],"replies":[{"embeddable":true,"href":"https:\/\/www.assobayen.net\/Wordpress\/wp-json\/wp\/v2\/comments?post=4229"}],"version-history":[{"count":3,"href":"https:\/\/www.assobayen.net\/Wordpress\/wp-json\/wp\/v2\/posts\/4229\/revisions"}],"predecessor-version":[{"id":4234,"href":"https:\/\/www.assobayen.net\/Wordpress\/wp-json\/wp\/v2\/posts\/4229\/revisions\/4234"}],"wp:attachment":[{"href":"https:\/\/www.assobayen.net\/Wordpress\/wp-json\/wp\/v2\/media?parent=4229"}],"wp:term":[{"taxonomy":"category","embeddable":true,"href":"https:\/\/www.assobayen.net\/Wordpress\/wp-json\/wp\/v2\/categories?post=4229"},{"taxonomy":"post_tag","embeddable":true,"href":"https:\/\/www.assobayen.net\/Wordpress\/wp-json\/wp\/v2\/tags?post=4229"}],"curies":[{"name":"wp","href":"https:\/\/api.w.org\/{rel}","templated":true}]}}