{"id":4280,"date":"2023-05-16T20:04:49","date_gmt":"2023-05-16T18:04:49","guid":{"rendered":"https:\/\/www.assobayen.net\/Wordpress\/?p=4280"},"modified":"2024-02-19T15:16:11","modified_gmt":"2024-02-19T14:16:11","slug":"assemblee-generale-et-composition-bureau","status":"publish","type":"post","link":"https:\/\/www.assobayen.net\/Wordpress\/2023\/05\/16\/assemblee-generale-et-composition-bureau\/","title":{"rendered":"Assembl\u00e9e G\u00e9n\u00e9rale et Composition Bureau"},"content":{"rendered":"\n<p><\/p>\n\n\n\n<p>Bonjour,<\/p>\n\n\n\n<p>Le 22 avril 2023 a eu lieu l&rsquo;Assembl\u00e9e G\u00e9n\u00e9rale de Bayen, voici son compte rendu ainsi que la composition des nouveaux membres du Conseil d&rsquo;Administration.<\/p>\n\n\n\n<div class=\"wp-block-file\"><a id=\"wp-block-file--media-d96d3c52-1b3a-4e8f-bda8-cb5341f0d968\" href=\"https:\/\/www.assobayen.net\/Wordpress\/wp-content\/uploads\/PV_AG-2023-04-22.pdf\" target=\"_blank\" rel=\"noreferrer noopener\">PV_AG-2023-04-22<\/a><a href=\"https:\/\/www.assobayen.net\/Wordpress\/wp-content\/uploads\/PV_AG-2023-04-22.pdf\" class=\"wp-block-file__button wp-element-button\" download aria-describedby=\"wp-block-file--media-d96d3c52-1b3a-4e8f-bda8-cb5341f0d968\">T\u00e9l\u00e9charger<\/a><\/div>\n\n\n\n<div class=\"wp-block-file\"><a id=\"wp-block-file--media-5b589f69-391f-4cb8-8234-3dc41822c023\" href=\"https:\/\/www.assobayen.net\/Wordpress\/wp-content\/uploads\/membres-du-CA-2023-1.pdf\" target=\"_blank\" rel=\"noreferrer noopener\">Membres-du-CA-2023<\/a><a href=\"https:\/\/www.assobayen.net\/Wordpress\/wp-content\/uploads\/membres-du-CA-2023-1.pdf\" class=\"wp-block-file__button wp-element-button\" download aria-describedby=\"wp-block-file--media-5b589f69-391f-4cb8-8234-3dc41822c023\">T\u00e9l\u00e9charger<\/a><\/div>\n\n\n\n<p>Les membres du Conseil d&rsquo;Administration ont nomm\u00e9 : <\/p>\n\n\n\n<ul class=\"wp-block-list\">\n<li>Pr\u00e9sident&nbsp;: BRUN Jo\u00ebl<\/li>\n\n\n\n<li>Vice-Pr\u00e9sident&nbsp;: PUEL Beno\u00eet<\/li>\n\n\n\n<li>M Tr\u00e9sori\u00e8re&nbsp;: BLANC Sylviane<\/li>\n\n\n\n<li>Tr\u00e9sorier adjoint&nbsp;: BLANC Olivier<\/li>\n\n\n\n<li>Secr\u00e9taire : VERNIEUWE Christophe<\/li>\n\n\n\n<li>Secr\u00e9taire Adjointe&nbsp;: BRUN Claire<\/li>\n<\/ul>\n\n\n\n<p>Bonne lecture \u00e0 tous.<\/p>\n","protected":false},"excerpt":{"rendered":"<p>Bonjour, Le 22 avril 2023 a eu lieu l&rsquo;Assembl\u00e9e G\u00e9n\u00e9rale de Bayen, voici son compte rendu ainsi que la composition des nouveaux membres du Conseil d&rsquo;Administration. Les membres du Conseil d&rsquo;Administration ont nomm\u00e9 : Bonne lecture \u00e0 tous.<\/p>\n","protected":false},"author":22,"featured_media":0,"comment_status":"closed","ping_status":"open","sticky":false,"template":"","format":"standard","meta":{"footnotes":""},"categories":[3],"tags":[],"class_list":["post-4280","post","type-post","status-publish","format-standard","hentry","category-news"],"_links":{"self":[{"href":"https:\/\/www.assobayen.net\/Wordpress\/wp-json\/wp\/v2\/posts\/4280","targetHints":{"allow":["GET"]}}],"collection":[{"href":"https:\/\/www.assobayen.net\/Wordpress\/wp-json\/wp\/v2\/posts"}],"about":[{"href":"https:\/\/www.assobayen.net\/Wordpress\/wp-json\/wp\/v2\/types\/post"}],"author":[{"embeddable":true,"href":"https:\/\/www.assobayen.net\/Wordpress\/wp-json\/wp\/v2\/users\/22"}],"replies":[{"embeddable":true,"href":"https:\/\/www.assobayen.net\/Wordpress\/wp-json\/wp\/v2\/comments?post=4280"}],"version-history":[{"count":6,"href":"https:\/\/www.assobayen.net\/Wordpress\/wp-json\/wp\/v2\/posts\/4280\/revisions"}],"predecessor-version":[{"id":4291,"href":"https:\/\/www.assobayen.net\/Wordpress\/wp-json\/wp\/v2\/posts\/4280\/revisions\/4291"}],"wp:attachment":[{"href":"https:\/\/www.assobayen.net\/Wordpress\/wp-json\/wp\/v2\/media?parent=4280"}],"wp:term":[{"taxonomy":"category","embeddable":true,"href":"https:\/\/www.assobayen.net\/Wordpress\/wp-json\/wp\/v2\/categories?post=4280"},{"taxonomy":"post_tag","embeddable":true,"href":"https:\/\/www.assobayen.net\/Wordpress\/wp-json\/wp\/v2\/tags?post=4280"}],"curies":[{"name":"wp","href":"https:\/\/api.w.org\/{rel}","templated":true}]}}