{"id":494,"date":"2011-10-16T19:58:05","date_gmt":"2011-10-16T18:58:05","guid":{"rendered":"https:\/\/www.assobayen.net\/Wordpress\/?p=494"},"modified":"2024-02-19T15:21:07","modified_gmt":"2024-02-19T14:21:07","slug":"un-nouveau-logo-pour-bayen","status":"publish","type":"post","link":"https:\/\/www.assobayen.net\/Wordpress\/2011\/10\/16\/un-nouveau-logo-pour-bayen\/","title":{"rendered":"Un nouveau logo pour Bayen"},"content":{"rendered":"<p>Pour les quarante ans de Bayen, l&rsquo;association lance le concours<br \/>\n\u00ab <strong>un nouveau logo pour Bayen<\/strong> \u00bb. Celui-ci sera <strong>l&rsquo;identit\u00e9 visuelle de l&rsquo;association<\/strong> pour les ann\u00e9es \u00e0 venir. On le retrouvera sur toutes les communications &#8211; courriers, journaux, newsletters, r\u00e9seau sociaux &#8211; et les produits d\u00e9riv\u00e9s (polaires, casquettes, tee-shirt, macarons&#8230;) que l&rsquo;association proposera \u00e0 ces adh\u00e9rents. L&rsquo;association de Bayen convie tous ses membres et amis \u00e0 prendre leurs crayons, feutres ou palettes graphiques et soumettre au Conseil d&rsquo;Administration leurs propositions de nouveau logo.<br \/>\nLe gagnant du concours recevra un cadeau.<\/p>\n<p>Voici quelques informations essentielles concernant le concours :<br \/>\n<strong>&#8211; (Nouvelle) date limite de remise des propositions : 30\u00a0novembre 2011<br \/>\n&#8211; R\u00e9alisation sur support papier ou num\u00e9rique \u00e0 envoyer par courrier ou email<br \/>\n&#8211; Chaque participant pourra soumettre plusieurs propositions<br \/>\n&#8211; Le logo doit comporter au minimum le mot \u00ab\u00a0Bayen\u00a0\u00bb. Le terme &lsquo;association&rsquo; est \u00e9galement recommand\u00e9.<\/strong><\/p>\n<p>N&rsquo;oubliez pas qu&rsquo;au final, le logo sera imprim\u00e9 avec une taille maximale de 40mm (h) x 70mm (l). Alors \u00e9vitez les d\u00e9tails et laissez libre cours \u00e0 votre cr\u00e9ativit\u00e9.<\/p>\n","protected":false},"excerpt":{"rendered":"<p>Pour les quarante ans de Bayen, l&rsquo;association lance le concours \u00ab un nouveau logo pour Bayen \u00bb. Celui-ci sera l&rsquo;identit\u00e9 visuelle de l&rsquo;association pour les ann\u00e9es \u00e0 venir. On le retrouvera sur toutes les communications &#8211; courriers, journaux, newsletters, r\u00e9seau sociaux &#8211; et les produits d\u00e9riv\u00e9s (polaires, casquettes, tee-shirt, macarons&#8230;) que l&rsquo;association proposera \u00e0 ces [&hellip;]<\/p>\n","protected":false},"author":22,"featured_media":0,"comment_status":"closed","ping_status":"open","sticky":false,"template":"","format":"standard","meta":{"footnotes":""},"categories":[3],"tags":[28],"class_list":["post-494","post","type-post","status-publish","format-standard","hentry","category-news","tag-logo"],"_links":{"self":[{"href":"https:\/\/www.assobayen.net\/Wordpress\/wp-json\/wp\/v2\/posts\/494","targetHints":{"allow":["GET"]}}],"collection":[{"href":"https:\/\/www.assobayen.net\/Wordpress\/wp-json\/wp\/v2\/posts"}],"about":[{"href":"https:\/\/www.assobayen.net\/Wordpress\/wp-json\/wp\/v2\/types\/post"}],"author":[{"embeddable":true,"href":"https:\/\/www.assobayen.net\/Wordpress\/wp-json\/wp\/v2\/users\/22"}],"replies":[{"embeddable":true,"href":"https:\/\/www.assobayen.net\/Wordpress\/wp-json\/wp\/v2\/comments?post=494"}],"version-history":[{"count":2,"href":"https:\/\/www.assobayen.net\/Wordpress\/wp-json\/wp\/v2\/posts\/494\/revisions"}],"predecessor-version":[{"id":4907,"href":"https:\/\/www.assobayen.net\/Wordpress\/wp-json\/wp\/v2\/posts\/494\/revisions\/4907"}],"wp:attachment":[{"href":"https:\/\/www.assobayen.net\/Wordpress\/wp-json\/wp\/v2\/media?parent=494"}],"wp:term":[{"taxonomy":"category","embeddable":true,"href":"https:\/\/www.assobayen.net\/Wordpress\/wp-json\/wp\/v2\/categories?post=494"},{"taxonomy":"post_tag","embeddable":true,"href":"https:\/\/www.assobayen.net\/Wordpress\/wp-json\/wp\/v2\/tags?post=494"}],"curies":[{"name":"wp","href":"https:\/\/api.w.org\/{rel}","templated":true}]}}