{"id":4976,"date":"2024-07-02T14:39:04","date_gmt":"2024-07-02T12:39:04","guid":{"rendered":"https:\/\/www.assobayen.net\/Wordpress\/?p=4976"},"modified":"2024-10-02T19:02:12","modified_gmt":"2024-10-02T17:02:12","slug":"4976","status":"publish","type":"post","link":"https:\/\/www.assobayen.net\/Wordpress\/2024\/07\/02\/4976\/","title":{"rendered":"Bayen pr\u00eat pour les vacances !"},"content":{"rendered":"<p>Bayen pr\u00eat pour les vacances\u00a0!\u00a0<\/p>\n<p>\u00a0\u00a0\u00a0\u00a0\u00a0\u00a0\u00a0\u00a0\u00a0\u00a0\u00a0 Mais encore une fois, il a fallu faire face aux al\u00e9as de derni\u00e8re minute\u2026<\/p>\n<p>\u00a0\u00a0\u00a0\u00a0\u00a0\u00a0\u00a0\u00a0\u00a0\u00a0\u00a0 Comme tous les 5 ans, le passage de la Commission de s\u00e9curit\u00e9 \u00e9tait attendu avec une appr\u00e9hension sereine (<em>oxymore<\/em>). \u00a0<\/p>\n<p>\u00a0\u00a0\u00a0\u00a0\u00a0\u00a0\u00a0\u00a0\u00a0\u00a0\u00a0 Celle du 30 avril 2024 a amen\u00e9 son lot de mauvaises surprises et n\u2019a pas renouvel\u00e9 l\u2019agr\u00e9ment DDJS de notre centre au seul motif que la borne d\u2019incendie la plus proche \u00e9tait distante de 450 m au lieu des 200 m r\u00e9glementaires. Ceci apr\u00e8s avoir reconnu le parfait fonctionnement de tous nos syst\u00e8mes de s\u00e9curit\u00e9 : d\u00e9tecteurs de fum\u00e9e, porte coupe \u2013feu, extincteurs \u2026<\/p>\n<p>\u00a0\u00a0\u00a0\u00a0\u00a0\u00a0\u00a0\u00a0\u00a0\u00a0\u00a0 Auparavant, lors de leurs exercices, les pompiers de Luz puisaient l\u2019eau dans le torrent en contre bas de la grange et cela s\u2019\u00e9tait av\u00e9r\u00e9 concluant jusqu\u2019\u00e0 pr\u00e9sent. Mais le r\u00e9chauffement climatique faisant varier le d\u00e9bit des torrents\u2026on ne pouvait plus compter sur eux ( les torrents, pas les pompiers.)<\/p>\n<p>Notre d\u00e9sappointement fut grand et il fallut faire face dans l\u2019urgence.<\/p>\n<p>\u00a0\u00a0\u00a0\u00a0\u00a0\u00a0\u00a0\u00a0\u00a0\u00a0\u00a0 En cons\u00e9quence, tous les jeunes accueillis cet \u00e9t\u00e9 \u00e0 Bayen, dormiront sous tente :<\/p>\n<p>Tente dortoir de 12 places que nous poss\u00e9dons d\u00e9j\u00e0 et deux tentes tipis de 6 places chacune que nous venons d\u2019acheter. Chacune d\u2019elles sera \u00e9quip\u00e9e de lits et le reste des b\u00e2timents pourra \u00eatre utilis\u00e9 normalement.<\/p>\n<p>\u00a0\u00a0\u00a0\u00a0\u00a0\u00a0\u00a0\u00a0\u00a0\u00a0\u00a0 Cette mesure ne s\u2019applique qu\u2019aux groupes d\u2019enfants d\u00e9clar\u00e9s aupr\u00e8s de Jeunesse et Sports. Tous les autres utilisateurs de notre grange pourront utiliser la totalit\u00e9 de nos installations sans restriction.<\/p>\n<p>\u00a0\u00a0\u00a0\u00a0\u00a0\u00a0\u00a0\u00a0\u00a0\u00a0\u00a0 Avec la Municipalit\u00e9 de Sazos, nous r\u00e9fl\u00e9chissons d\u00e9j\u00e0 \u00e0 la mise en conformit\u00e9 du centre par l\u2019implantation d\u2019une r\u00e9serve d\u2019eau de 60 m3 ou par le prolongement du r\u00e9seau incendie existant qui permettraient de lever cette interdiction le plus t\u00f4t possible.<\/p>\n<p>Bayen, l\u2019aventure sans fin\u2026<\/p>\n<p>Jo\u00ebl Brun, \u00a0\u00a0\u00a0\u00a0\u00a0\u00a0\u00a0\u00a0\u00a0\u00a0\u00a0\u00a0\u00a0\u00a0\u00a0\u00a0\u00a0\u00a0\u00a0\u00a0\u00a0\u00a0\u00a0\u00a0\u00a0\u00a0\u00a0\u00a0\u00a0\u00a0\u00a0\u00a0\u00a0\u00a0\u00a0\u00a0\u00a0\u00a0\u00a0\u00a0\u00a0\u00a0\u00a0\u00a0\u00a0\u00a0\u00a0\u00a0\u00a0\u00a0\u00a0\u00a0\u00a0\u00a0\u00a0\u00a0\u00a0\u00a0\u00a0\u00a0\u00a0\u00a0\u00a0\u00a0\u00a0\u00a0\u00a0\u00a0\u00a0\u00a0\u00a0\u00a0\u00a0\u00a0\u00a0\u00a0\u00a0\u00a0\u00a0\u00a0\u00a0\u00a0\u00a0\u00a0\u00a0\u00a0\u00a0\u00a0\u00a0\u00a0\u00a0\u00a0\u00a0\u00a0\u00a0\u00a0\u00a0\u00a0\u00a0\u00a0\u00a0\u00a0\u00a0\u00a0\u00a0\u00a0\u00a0\u00a0\u00a0\u00a0\u00a0\u00a0\u00a0\u00a0\u00a0\u00a0 Pr\u00e9sident<\/p>\n\n\n<figure class=\"wp-block-image size-large\"><a href=\"https:\/\/www.assobayen.net\/Wordpress\/wp-content\/uploads\/DSC_1873.jpg\" target=\"_blank\" rel=\"noopener\"><img loading=\"lazy\" decoding=\"async\" width=\"1024\" height=\"680\" src=\"https:\/\/www.assobayen.net\/Wordpress\/wp-content\/uploads\/DSC_1873-1024x680.jpg\" alt=\"\" class=\"wp-image-4978\" srcset=\"https:\/\/www.assobayen.net\/Wordpress\/wp-content\/uploads\/DSC_1873-1024x680.jpg 1024w, https:\/\/www.assobayen.net\/Wordpress\/wp-content\/uploads\/DSC_1873-300x199.jpg 300w, https:\/\/www.assobayen.net\/Wordpress\/wp-content\/uploads\/DSC_1873-768x510.jpg 768w, https:\/\/www.assobayen.net\/Wordpress\/wp-content\/uploads\/DSC_1873-1536x1020.jpg 1536w, https:\/\/www.assobayen.net\/Wordpress\/wp-content\/uploads\/DSC_1873-2048x1360.jpg 2048w, https:\/\/www.assobayen.net\/Wordpress\/wp-content\/uploads\/DSC_1873-900x598.jpg 900w, https:\/\/www.assobayen.net\/Wordpress\/wp-content\/uploads\/DSC_1873-1280x850.jpg 1280w\" sizes=\"auto, (max-width: 1024px) 100vw, 1024px\" \/><\/a><\/figure>\n\n\n\n<p>Votre cotisation est importante pour l&rsquo;Association<\/p><p><iframe id=\"haWidget\" allowtransparency=\"true\" src=https:\/\/www.helloasso.com\/associations\/association-de-bayen\/adhesions\/adhesion-2024\/widget-bouton style=\"width: 100%; height: 70px; border: none;\"><\/iframe>\n<\/p>","protected":false},"excerpt":{"rendered":"<p>Bayen pr\u00eat pour les vacances\u00a0!\u00a0 \u00a0\u00a0\u00a0\u00a0\u00a0\u00a0\u00a0\u00a0\u00a0\u00a0\u00a0 Mais encore une fois, il a fallu faire face aux al\u00e9as de derni\u00e8re minute\u2026 \u00a0\u00a0\u00a0\u00a0\u00a0\u00a0\u00a0\u00a0\u00a0\u00a0\u00a0 Comme tous les 5 ans, le passage de la Commission de s\u00e9curit\u00e9 \u00e9tait attendu avec une appr\u00e9hension sereine (oxymore). \u00a0 \u00a0\u00a0\u00a0\u00a0\u00a0\u00a0\u00a0\u00a0\u00a0\u00a0\u00a0 Celle du 30 avril 2024 a amen\u00e9 son lot de mauvaises surprises et [&hellip;]<\/p>\n","protected":false},"author":22,"featured_media":0,"comment_status":"closed","ping_status":"closed","sticky":false,"template":"","format":"standard","meta":{"footnotes":""},"categories":[44,24,3],"tags":[],"class_list":["post-4976","post","type-post","status-publish","format-standard","hentry","category-44","category-camps","category-news"],"_links":{"self":[{"href":"https:\/\/www.assobayen.net\/Wordpress\/wp-json\/wp\/v2\/posts\/4976","targetHints":{"allow":["GET"]}}],"collection":[{"href":"https:\/\/www.assobayen.net\/Wordpress\/wp-json\/wp\/v2\/posts"}],"about":[{"href":"https:\/\/www.assobayen.net\/Wordpress\/wp-json\/wp\/v2\/types\/post"}],"author":[{"embeddable":true,"href":"https:\/\/www.assobayen.net\/Wordpress\/wp-json\/wp\/v2\/users\/22"}],"replies":[{"embeddable":true,"href":"https:\/\/www.assobayen.net\/Wordpress\/wp-json\/wp\/v2\/comments?post=4976"}],"version-history":[{"count":5,"href":"https:\/\/www.assobayen.net\/Wordpress\/wp-json\/wp\/v2\/posts\/4976\/revisions"}],"predecessor-version":[{"id":4984,"href":"https:\/\/www.assobayen.net\/Wordpress\/wp-json\/wp\/v2\/posts\/4976\/revisions\/4984"}],"wp:attachment":[{"href":"https:\/\/www.assobayen.net\/Wordpress\/wp-json\/wp\/v2\/media?parent=4976"}],"wp:term":[{"taxonomy":"category","embeddable":true,"href":"https:\/\/www.assobayen.net\/Wordpress\/wp-json\/wp\/v2\/categories?post=4976"},{"taxonomy":"post_tag","embeddable":true,"href":"https:\/\/www.assobayen.net\/Wordpress\/wp-json\/wp\/v2\/tags?post=4976"}],"curies":[{"name":"wp","href":"https:\/\/api.w.org\/{rel}","templated":true}]}}